{"id":5733,"date":"2020-09-23T11:00:00","date_gmt":"2020-09-23T09:00:00","guid":{"rendered":"https:\/\/coettga.es\/emilia-seoane-rodriguez\/"},"modified":"2023-11-24T01:07:45","modified_gmt":"2023-11-24T00:07:45","slug":"emilia-seoane-rodriguez","status":"publish","type":"post","link":"https:\/\/coettga.es\/es\/emilia-seoane-rodriguez\/","title":{"rendered":"EMILIA SEOANE RODR\u00cdGUEZ"},"content":{"rendered":"\n<p><strong>Adjunto de la Direcci\u00f3n T\u00e9cnica de RETEGAL (Redes de Telecomunicaciones de Galicia)<\/strong><\/p>\n\n<p><strong>BIOGRAF\u00cdA<\/strong><\/p>\n\n<div class=\"wp-block-image\"><figure class=\"aligncenter size-full\"><img fetchpriority=\"high\" decoding=\"async\" width=\"350\" height=\"520\" src=\"https:\/\/coettga.es\/wp-content\/uploads\/2022\/03\/emilia-rodriguez-seoane-teleco-galicia.jpg\" alt=\"\" class=\"wp-image-3914\" srcset=\"https:\/\/coettga.es\/wp-content\/uploads\/2022\/03\/emilia-rodriguez-seoane-teleco-galicia.jpg 350w, https:\/\/coettga.es\/wp-content\/uploads\/2022\/03\/emilia-rodriguez-seoane-teleco-galicia-202x300.jpg 202w\" sizes=\"(max-width: 350px) 100vw, 350px\" \/><\/figure><\/div>\n\n<p><strong><br\/><\/strong><\/p>\n\n<p>A lo largo de mi carrera profesional he estado en 3 sectores diferentes: ac\u00fastica, educaci\u00f3n y radiocomunicaci\u00f3n.<br\/><br\/>Reci\u00e9n terminada la carrera en 1973, comenc\u00e9 mi carrera profesional trabajando para la empresa Wagner, que se dedicaba al aislamiento y acondicionamiento ac\u00fastico (sector en el que siempre he tenido especial debilidad e inter\u00e9s).<\/p>\n\n<p><br\/>Un a\u00f1o despu\u00e9s me mud\u00e9 a Galicia. Las salidas laborales en Galicia, en el sector de las telecomunicaciones y en los a\u00f1os 70 y 80, no eran muy buenas, as\u00ed que me dediqu\u00e9 a la docencia privada durante 11 a\u00f1os. Hasta 1985 comenc\u00e9 a trabajar en radiotelecomunicaciones como Jefe de Secci\u00f3n de Radioenlaces en TVG y CRTVG.<br\/><br\/>14 a\u00f1os despu\u00e9s continu\u00e9 mi andadura en las radiotelecomunicaciones como Jefe del Departamento de Radioenlaces en RETEGAL y actualmente como Adjunto a la Direcci\u00f3n T\u00e9cnica de dicha empresa.<br\/><br\/><strong><br\/>\u00bfCu\u00e1l fue la profesi\u00f3n que te llam\u00f3 la atenci\u00f3n cuando eras ni\u00f1o?<br\/><br\/><\/strong>A la hora de decidirme por una carrera, ten\u00eda varias opciones en mente: Licenciatura en Matem\u00e1ticas o F\u00edsica (ya que eran dos de las materias que m\u00e1s me gustaban); pero no me ve\u00eda dando clases, ya que era la opci\u00f3n que se daba en aquellos tiempos si hac\u00edas una carrera de ese tipo (al menos en Galicia). Pero tambi\u00e9n hab\u00eda otra carrera que ten\u00eda en mente que era Ingenier\u00eda de Telecomunicaciones, a pesar de todos los obst\u00e1culos que presentaba esta elecci\u00f3n (mudarse a una gran ciudad, algo desconocido&#8230;) hab\u00eda algo que me dec\u00eda que deb\u00eda arriesgarme y y asi fue.<br\/><br\/><strong><br\/>\u00bfPor qu\u00e9 opt\u00f3 por la tecnolog\u00eda?<br\/><\/strong><br\/>Decid\u00ed optar por lo innovador, lo desconocido, por el mundo de las telecomunicaciones y me matricul\u00e9 en Ingenier\u00eda T\u00e9cnica de Telecomunicaci\u00f3n. Siendo esta la primera promoci\u00f3n de Imagen y Sonido de la Ingenier\u00eda T\u00e9cnica de Telecomunicaci\u00f3n de la Universidad Polit\u00e9cnica de Madrid en 1973.<br\/><br\/><br\/><strong>\u00bfEn que estas trabajando actualmente?<br\/><br\/><\/strong>Actualmente trabajo como Subdirector T\u00e9cnico en Retegal (Redes de Telecomunicaciones de Galicia).<br\/><br\/><br\/><strong>Que es lo que mas te gusta de tu trabajo?<br\/><br\/><\/strong>Lo que m\u00e1s me gusta de mi trabajo es la ausencia de monoton\u00eda. Cada d\u00eda me enfrento a un nuevo desaf\u00edo, a una nueva b\u00fasqueda de soluciones; No importa qu\u00e9 experiencia o problema haya encontrado antes. Cada d\u00eda es un desaf\u00edo diferente.<br\/><br\/><br\/><strong>\u00bfQui\u00e9n es tu referente en el mundo de la tecnolog\u00eda?<br\/><br\/><\/strong>La verdad es que no tengo ning\u00fan referente en el mundo de la tecnolog\u00eda. Nunca lo hab\u00eda pensado, la verdad. Lo que puedo decir es que tuve la suerte de trabajar y estudiar con grandes Ingenieros T\u00e9cnicos de Telecomunicaciones que son grandes referentes para m\u00ed.<br\/><br\/><br\/><strong>\u00bfQu\u00e9 consejo o consejo o recomendaciones dar\u00edas a futuros<\/strong> <strong>tecn\u00f3logos<\/strong>?<\/p>\n\n<p>El consejo que puedo dar a los actuales y futuros tecn\u00f3logos es la formaci\u00f3n continua que requiere el mundo de las telecomunicaciones. Todo evoluciona a una velocidad incre\u00edble y los Ingenieros T\u00e9cnicos de Telecomunicaci\u00f3n tenemos que estar al d\u00eda de esta gran evoluci\u00f3n que estamos viviendo.<br\/><br\/>La formaci\u00f3n continua es lo que nos permite seguir desarrollando, solucionando e innovando en las necesidades del d\u00eda a d\u00eda y del futuro.<\/p>\n\n<p><\/p>\n","protected":false},"excerpt":{"rendered":"<p>Adjunto de la Direcci\u00f3n T\u00e9cnica de RETEGAL (Redes de Telecomunicaciones de Galicia) BIOGRAF\u00cdA A lo largo de mi carrera profesional he estado en 3 sectores diferentes: ac\u00fastica, educaci\u00f3n y radiocomunicaci\u00f3n. Reci\u00e9n terminada la carrera en 1973, comenc\u00e9 mi carrera profesional trabajando para la empresa Wagner, que se dedicaba al aislamiento y acondicionamiento ac\u00fastico (sector en&#8230;<\/p>\n","protected":false},"author":1,"featured_media":5358,"comment_status":"closed","ping_status":"closed","sticky":false,"template":"","format":"standard","meta":{"footnotes":""},"categories":[119],"tags":[],"class_list":["post-5733","post","type-post","status-publish","format-standard","has-post-thumbnail","hentry","category-tecnologas-es"],"yoast_head":"<!-- This site is optimized with the Yoast SEO Premium plugin v21.6 (Yoast SEO v26.8) - https:\/\/yoast.com\/product\/yoast-seo-premium-wordpress\/ -->\n<title>EMILIA SEOANE RODR\u00cdGUEZ - Colegio Oficial de Ingenieros T\u00e9cnicos de Telecomunicaciones de Galicia - COETTGA<\/title>\n<meta name=\"robots\" content=\"index, follow, max-snippet:-1, max-image-preview:large, max-video-preview:-1\" \/>\n<link rel=\"canonical\" href=\"https:\/\/coettga.es\/emilia-seoane-rodriguez\/\" \/>\n<meta property=\"og:locale\" content=\"es_ES\" \/>\n<meta property=\"og:type\" content=\"article\" \/>\n<meta property=\"og:title\" content=\"EMILIA SEOANE RODR\u00cdGUEZ\" \/>\n<meta property=\"og:description\" content=\"Adjunto de la Direcci\u00f3n T\u00e9cnica de RETEGAL (Redes de Telecomunicaciones de Galicia) BIOGRAF\u00cdA A lo largo de mi carrera profesional he estado en 3 sectores diferentes: ac\u00fastica, educaci\u00f3n y radiocomunicaci\u00f3n. Reci\u00e9n terminada la carrera en 1973, comenc\u00e9 mi carrera profesional trabajando para la empresa Wagner, que se dedicaba al aislamiento y acondicionamiento ac\u00fastico (sector en...\" \/>\n<meta property=\"og:url\" content=\"https:\/\/coettga.es\/emilia-seoane-rodriguez\/\" \/>\n<meta property=\"og:site_name\" content=\"Colegio Oficial de Ingenieros T\u00e9cnicos de Telecomunicaciones de Galicia - COETTGA\" \/>\n<meta property=\"article:publisher\" content=\"https:\/\/www.facebook.com\/coettga\/\" \/>\n<meta property=\"article:published_time\" content=\"2020-09-23T09:00:00+00:00\" \/>\n<meta property=\"article:modified_time\" content=\"2023-11-24T00:07:45+00:00\" \/>\n<meta property=\"og:image\" content=\"https:\/\/coettga.es\/wp-content\/uploads\/2022\/03\/emilia-seoane-rodriguez.png\" \/>\n\t<meta property=\"og:image:width\" content=\"1500\" \/>\n\t<meta property=\"og:image:height\" content=\"551\" \/>\n\t<meta property=\"og:image:type\" content=\"image\/png\" \/>\n<meta name=\"author\" content=\"webmaster\" \/>\n<meta name=\"twitter:card\" content=\"summary_large_image\" \/>\n<meta name=\"twitter:creator\" content=\"@coettga\" \/>\n<meta name=\"twitter:site\" content=\"@coettga\" \/>\n<meta name=\"twitter:label1\" content=\"Escrito por\" \/>\n\t<meta name=\"twitter:data1\" content=\"webmaster\" \/>\n\t<meta name=\"twitter:label2\" content=\"Tiempo de lectura\" \/>\n\t<meta name=\"twitter:data2\" content=\"3 minutos\" \/>\n<script type=\"application\/ld+json\" class=\"yoast-schema-graph\">{\"@context\":\"https:\/\/schema.org\",\"@graph\":[{\"@type\":\"Article\",\"@id\":\"https:\/\/coettga.es\/emilia-seoane-rodriguez\/#article\",\"isPartOf\":{\"@id\":\"https:\/\/coettga.es\/emilia-seoane-rodriguez\/\"},\"author\":{\"name\":\"webmaster\",\"@id\":\"https:\/\/coettga.es\/#\/schema\/person\/130d2a657bf8d48723e21394f45ec0e1\"},\"headline\":\"EMILIA SEOANE RODR\u00cdGUEZ\",\"datePublished\":\"2020-09-23T09:00:00+00:00\",\"dateModified\":\"2023-11-24T00:07:45+00:00\",\"mainEntityOfPage\":{\"@id\":\"https:\/\/coettga.es\/emilia-seoane-rodriguez\/\"},\"wordCount\":583,\"publisher\":{\"@id\":\"https:\/\/coettga.es\/#organization\"},\"image\":{\"@id\":\"https:\/\/coettga.es\/emilia-seoane-rodriguez\/#primaryimage\"},\"thumbnailUrl\":\"https:\/\/coettga.es\/wp-content\/uploads\/2022\/03\/emilia-seoane-rodriguez.png\",\"articleSection\":[\"Tecn\u00f3logas\"],\"inLanguage\":\"es\"},{\"@type\":\"WebPage\",\"@id\":\"https:\/\/coettga.es\/emilia-seoane-rodriguez\/\",\"url\":\"https:\/\/coettga.es\/emilia-seoane-rodriguez\/\",\"name\":\"EMILIA SEOANE RODR\u00cdGUEZ - Colegio Oficial de Ingenieros T\u00e9cnicos de Telecomunicaciones de Galicia - COETTGA\",\"isPartOf\":{\"@id\":\"https:\/\/coettga.es\/#website\"},\"primaryImageOfPage\":{\"@id\":\"https:\/\/coettga.es\/emilia-seoane-rodriguez\/#primaryimage\"},\"image\":{\"@id\":\"https:\/\/coettga.es\/emilia-seoane-rodriguez\/#primaryimage\"},\"thumbnailUrl\":\"https:\/\/coettga.es\/wp-content\/uploads\/2022\/03\/emilia-seoane-rodriguez.png\",\"datePublished\":\"2020-09-23T09:00:00+00:00\",\"dateModified\":\"2023-11-24T00:07:45+00:00\",\"breadcrumb\":{\"@id\":\"https:\/\/coettga.es\/emilia-seoane-rodriguez\/#breadcrumb\"},\"inLanguage\":\"es\",\"potentialAction\":[{\"@type\":\"ReadAction\",\"target\":[\"https:\/\/coettga.es\/emilia-seoane-rodriguez\/\"]}]},{\"@type\":\"ImageObject\",\"inLanguage\":\"es\",\"@id\":\"https:\/\/coettga.es\/emilia-seoane-rodriguez\/#primaryimage\",\"url\":\"https:\/\/coettga.es\/wp-content\/uploads\/2022\/03\/emilia-seoane-rodriguez.png\",\"contentUrl\":\"https:\/\/coettga.es\/wp-content\/uploads\/2022\/03\/emilia-seoane-rodriguez.png\",\"width\":1500,\"height\":551},{\"@type\":\"BreadcrumbList\",\"@id\":\"https:\/\/coettga.es\/emilia-seoane-rodriguez\/#breadcrumb\",\"itemListElement\":[{\"@type\":\"ListItem\",\"position\":1,\"name\":\"COETTGA\",\"item\":\"https:\/\/coettga.es\/\"},{\"@type\":\"ListItem\",\"position\":2,\"name\":\"EMILIA SEOANE RODR\u00cdGUEZ\"}]},{\"@type\":\"WebSite\",\"@id\":\"https:\/\/coettga.es\/#website\",\"url\":\"https:\/\/coettga.es\/\",\"name\":\"Coettga Colexio Oficial de Enxe\u00f1eiros T\u00e9cnicos de Telecomunicaci\u00f3ns de Galicia\",\"description\":\"Ingenieros T\u00e9cnicos de Telecomunicaciones de Galicia - COETTGA\",\"publisher\":{\"@id\":\"https:\/\/coettga.es\/#organization\"},\"alternateName\":\"Colegio Oficial de Ingenieros T\u00e9cnicos de Telecomunicaciones de Galicia Coettga\",\"potentialAction\":[{\"@type\":\"SearchAction\",\"target\":{\"@type\":\"EntryPoint\",\"urlTemplate\":\"https:\/\/coettga.es\/?s={search_term_string}\"},\"query-input\":{\"@type\":\"PropertyValueSpecification\",\"valueRequired\":true,\"valueName\":\"search_term_string\"}}],\"inLanguage\":\"es\"},{\"@type\":\"Organization\",\"@id\":\"https:\/\/coettga.es\/#organization\",\"name\":\"Coettga - Colexio Oficial de Enxe\u00f1eiros T\u00e9cnicos de Telecomunicaci\u00f3ns de Galicia\",\"alternateName\":\"Ingenieros T\u00e9cnicos de Telecomunicaciones de Galicia\",\"url\":\"https:\/\/coettga.es\/\",\"logo\":{\"@type\":\"ImageObject\",\"inLanguage\":\"es\",\"@id\":\"https:\/\/coettga.es\/#\/schema\/logo\/image\/\",\"url\":\"https:\/\/coettga.es\/wp-content\/uploads\/2022\/03\/avatar-galicia.jpg\",\"contentUrl\":\"https:\/\/coettga.es\/wp-content\/uploads\/2022\/03\/avatar-galicia.jpg\",\"width\":1563,\"height\":1563,\"caption\":\"Coettga - Colexio Oficial de Enxe\u00f1eiros T\u00e9cnicos de Telecomunicaci\u00f3ns de Galicia\"},\"image\":{\"@id\":\"https:\/\/coettga.es\/#\/schema\/logo\/image\/\"},\"sameAs\":[\"https:\/\/www.facebook.com\/coettga\/\",\"https:\/\/x.com\/coettga\",\"https:\/\/www.linkedin.com\/company\/10946667\/admin\/\",\"https:\/\/www.instagram.com\/coettga\"]},{\"@type\":\"Person\",\"@id\":\"https:\/\/coettga.es\/#\/schema\/person\/130d2a657bf8d48723e21394f45ec0e1\",\"name\":\"webmaster\",\"image\":{\"@type\":\"ImageObject\",\"inLanguage\":\"es\",\"@id\":\"https:\/\/coettga.es\/#\/schema\/person\/image\/\",\"url\":\"https:\/\/coettga.es\/wp-content\/litespeed\/avatar\/ce259cb8f424726e206ee96b7b049584.jpg?ver=1776944696\",\"contentUrl\":\"https:\/\/coettga.es\/wp-content\/litespeed\/avatar\/ce259cb8f424726e206ee96b7b049584.jpg?ver=1776944696\",\"caption\":\"webmaster\"},\"sameAs\":[\"https:\/\/coettga.es\"],\"url\":\"https:\/\/coettga.es\/es\/author\/webmaster\/\"}]}<\/script>\n<!-- \/ Yoast SEO Premium plugin. -->","yoast_head_json":{"title":"EMILIA SEOANE RODR\u00cdGUEZ - Colegio Oficial de Ingenieros T\u00e9cnicos de Telecomunicaciones de Galicia - COETTGA","robots":{"index":"index","follow":"follow","max-snippet":"max-snippet:-1","max-image-preview":"max-image-preview:large","max-video-preview":"max-video-preview:-1"},"canonical":"https:\/\/coettga.es\/emilia-seoane-rodriguez\/","og_locale":"es_ES","og_type":"article","og_title":"EMILIA SEOANE RODR\u00cdGUEZ","og_description":"Adjunto de la Direcci\u00f3n T\u00e9cnica de RETEGAL (Redes de Telecomunicaciones de Galicia) BIOGRAF\u00cdA A lo largo de mi carrera profesional he estado en 3 sectores diferentes: ac\u00fastica, educaci\u00f3n y radiocomunicaci\u00f3n. Reci\u00e9n terminada la carrera en 1973, comenc\u00e9 mi carrera profesional trabajando para la empresa Wagner, que se dedicaba al aislamiento y acondicionamiento ac\u00fastico (sector en...","og_url":"https:\/\/coettga.es\/emilia-seoane-rodriguez\/","og_site_name":"Colegio Oficial de Ingenieros T\u00e9cnicos de Telecomunicaciones de Galicia - COETTGA","article_publisher":"https:\/\/www.facebook.com\/coettga\/","article_published_time":"2020-09-23T09:00:00+00:00","article_modified_time":"2023-11-24T00:07:45+00:00","og_image":[{"width":1500,"height":551,"url":"https:\/\/coettga.es\/wp-content\/uploads\/2022\/03\/emilia-seoane-rodriguez.png","type":"image\/png"}],"author":"webmaster","twitter_card":"summary_large_image","twitter_creator":"@coettga","twitter_site":"@coettga","twitter_misc":{"Escrito por":"webmaster","Tiempo de lectura":"3 minutos"},"schema":{"@context":"https:\/\/schema.org","@graph":[{"@type":"Article","@id":"https:\/\/coettga.es\/emilia-seoane-rodriguez\/#article","isPartOf":{"@id":"https:\/\/coettga.es\/emilia-seoane-rodriguez\/"},"author":{"name":"webmaster","@id":"https:\/\/coettga.es\/#\/schema\/person\/130d2a657bf8d48723e21394f45ec0e1"},"headline":"EMILIA SEOANE RODR\u00cdGUEZ","datePublished":"2020-09-23T09:00:00+00:00","dateModified":"2023-11-24T00:07:45+00:00","mainEntityOfPage":{"@id":"https:\/\/coettga.es\/emilia-seoane-rodriguez\/"},"wordCount":583,"publisher":{"@id":"https:\/\/coettga.es\/#organization"},"image":{"@id":"https:\/\/coettga.es\/emilia-seoane-rodriguez\/#primaryimage"},"thumbnailUrl":"https:\/\/coettga.es\/wp-content\/uploads\/2022\/03\/emilia-seoane-rodriguez.png","articleSection":["Tecn\u00f3logas"],"inLanguage":"es"},{"@type":"WebPage","@id":"https:\/\/coettga.es\/emilia-seoane-rodriguez\/","url":"https:\/\/coettga.es\/emilia-seoane-rodriguez\/","name":"EMILIA SEOANE RODR\u00cdGUEZ - Colegio Oficial de Ingenieros T\u00e9cnicos de Telecomunicaciones de Galicia - COETTGA","isPartOf":{"@id":"https:\/\/coettga.es\/#website"},"primaryImageOfPage":{"@id":"https:\/\/coettga.es\/emilia-seoane-rodriguez\/#primaryimage"},"image":{"@id":"https:\/\/coettga.es\/emilia-seoane-rodriguez\/#primaryimage"},"thumbnailUrl":"https:\/\/coettga.es\/wp-content\/uploads\/2022\/03\/emilia-seoane-rodriguez.png","datePublished":"2020-09-23T09:00:00+00:00","dateModified":"2023-11-24T00:07:45+00:00","breadcrumb":{"@id":"https:\/\/coettga.es\/emilia-seoane-rodriguez\/#breadcrumb"},"inLanguage":"es","potentialAction":[{"@type":"ReadAction","target":["https:\/\/coettga.es\/emilia-seoane-rodriguez\/"]}]},{"@type":"ImageObject","inLanguage":"es","@id":"https:\/\/coettga.es\/emilia-seoane-rodriguez\/#primaryimage","url":"https:\/\/coettga.es\/wp-content\/uploads\/2022\/03\/emilia-seoane-rodriguez.png","contentUrl":"https:\/\/coettga.es\/wp-content\/uploads\/2022\/03\/emilia-seoane-rodriguez.png","width":1500,"height":551},{"@type":"BreadcrumbList","@id":"https:\/\/coettga.es\/emilia-seoane-rodriguez\/#breadcrumb","itemListElement":[{"@type":"ListItem","position":1,"name":"COETTGA","item":"https:\/\/coettga.es\/"},{"@type":"ListItem","position":2,"name":"EMILIA SEOANE RODR\u00cdGUEZ"}]},{"@type":"WebSite","@id":"https:\/\/coettga.es\/#website","url":"https:\/\/coettga.es\/","name":"Coettga Colexio Oficial de Enxe\u00f1eiros T\u00e9cnicos de Telecomunicaci\u00f3ns de Galicia","description":"Ingenieros T\u00e9cnicos de Telecomunicaciones de Galicia - COETTGA","publisher":{"@id":"https:\/\/coettga.es\/#organization"},"alternateName":"Colegio Oficial de Ingenieros T\u00e9cnicos de Telecomunicaciones de Galicia Coettga","potentialAction":[{"@type":"SearchAction","target":{"@type":"EntryPoint","urlTemplate":"https:\/\/coettga.es\/?s={search_term_string}"},"query-input":{"@type":"PropertyValueSpecification","valueRequired":true,"valueName":"search_term_string"}}],"inLanguage":"es"},{"@type":"Organization","@id":"https:\/\/coettga.es\/#organization","name":"Coettga - Colexio Oficial de Enxe\u00f1eiros T\u00e9cnicos de Telecomunicaci\u00f3ns de Galicia","alternateName":"Ingenieros T\u00e9cnicos de Telecomunicaciones de Galicia","url":"https:\/\/coettga.es\/","logo":{"@type":"ImageObject","inLanguage":"es","@id":"https:\/\/coettga.es\/#\/schema\/logo\/image\/","url":"https:\/\/coettga.es\/wp-content\/uploads\/2022\/03\/avatar-galicia.jpg","contentUrl":"https:\/\/coettga.es\/wp-content\/uploads\/2022\/03\/avatar-galicia.jpg","width":1563,"height":1563,"caption":"Coettga - Colexio Oficial de Enxe\u00f1eiros T\u00e9cnicos de Telecomunicaci\u00f3ns de Galicia"},"image":{"@id":"https:\/\/coettga.es\/#\/schema\/logo\/image\/"},"sameAs":["https:\/\/www.facebook.com\/coettga\/","https:\/\/x.com\/coettga","https:\/\/www.linkedin.com\/company\/10946667\/admin\/","https:\/\/www.instagram.com\/coettga"]},{"@type":"Person","@id":"https:\/\/coettga.es\/#\/schema\/person\/130d2a657bf8d48723e21394f45ec0e1","name":"webmaster","image":{"@type":"ImageObject","inLanguage":"es","@id":"https:\/\/coettga.es\/#\/schema\/person\/image\/","url":"https:\/\/coettga.es\/wp-content\/litespeed\/avatar\/ce259cb8f424726e206ee96b7b049584.jpg?ver=1776944696","contentUrl":"https:\/\/coettga.es\/wp-content\/litespeed\/avatar\/ce259cb8f424726e206ee96b7b049584.jpg?ver=1776944696","caption":"webmaster"},"sameAs":["https:\/\/coettga.es"],"url":"https:\/\/coettga.es\/es\/author\/webmaster\/"}]}},"_links":{"self":[{"href":"https:\/\/coettga.es\/es\/wp-json\/wp\/v2\/posts\/5733","targetHints":{"allow":["GET"]}}],"collection":[{"href":"https:\/\/coettga.es\/es\/wp-json\/wp\/v2\/posts"}],"about":[{"href":"https:\/\/coettga.es\/es\/wp-json\/wp\/v2\/types\/post"}],"author":[{"embeddable":true,"href":"https:\/\/coettga.es\/es\/wp-json\/wp\/v2\/users\/1"}],"replies":[{"embeddable":true,"href":"https:\/\/coettga.es\/es\/wp-json\/wp\/v2\/comments?post=5733"}],"version-history":[{"count":1,"href":"https:\/\/coettga.es\/es\/wp-json\/wp\/v2\/posts\/5733\/revisions"}],"predecessor-version":[{"id":5734,"href":"https:\/\/coettga.es\/es\/wp-json\/wp\/v2\/posts\/5733\/revisions\/5734"}],"wp:featuredmedia":[{"embeddable":true,"href":"https:\/\/coettga.es\/es\/wp-json\/wp\/v2\/media\/5358"}],"wp:attachment":[{"href":"https:\/\/coettga.es\/es\/wp-json\/wp\/v2\/media?parent=5733"}],"wp:term":[{"taxonomy":"category","embeddable":true,"href":"https:\/\/coettga.es\/es\/wp-json\/wp\/v2\/categories?post=5733"},{"taxonomy":"post_tag","embeddable":true,"href":"https:\/\/coettga.es\/es\/wp-json\/wp\/v2\/tags?post=5733"}],"curies":[{"name":"wp","href":"https:\/\/api.w.org\/{rel}","templated":true}]}}