{"id":5731,"date":"2022-01-04T11:00:00","date_gmt":"2022-01-04T10:00:00","guid":{"rendered":"https:\/\/coettga.es\/teleco-del-mes-jose-carlos-rodriguez-varela\/"},"modified":"2023-11-24T01:03:24","modified_gmt":"2023-11-24T00:03:24","slug":"teleco-del-mes-jose-carlos-rodriguez-varela","status":"publish","type":"post","link":"https:\/\/coettga.es\/es\/teleco-del-mes-jose-carlos-rodriguez-varela\/","title":{"rendered":"Teleco del mes &#8211; Jos\u00e9 Carlos Rodr\u00edguez Varela"},"content":{"rendered":"\n<h2 class=\"wp-block-heading\">TELECO DEL MES.<\/h2>\n\n<p>Mi nombre es <strong>Jos\u00e9 Carlos Rodr\u00edguez Varela<\/strong>, aunque desde peque\u00f1o todos los que me conocen de cerca me llaman <em>Charlie.<\/em> Nac\u00ed y crec\u00ed en una peque\u00f1a parroquia llamada Pazos (Ponteceso &#8211; A Coru\u00f1a). All\u00ed pas\u00e9 mi infancia y adolescencia hasta que decid\u00ed trasladarme a Vigo para estudiar <strong>Ingenier\u00eda T\u00e9cnica de Telecomunicaci\u00f3n<\/strong>.<\/p>\n\n<p>Despu\u00e9s de varios a\u00f1os muy bonitos y enriquecedores en Vigo y en la Universidad, comenc\u00e9 mi andadura profesional con una breve experiencia en R, para luego incorporarme al mundo de la electr\u00f3nica de consumo en Blusens.<\/p>\n\n<p>Actualmente trabajo en Cocomm, empresa fundada en Santiago de Compostela donde desarrollamos y fabricamos tel\u00e9fonos inal\u00e1mbricos de sobremesa principalmente para uso en el entorno corporativo.<\/p>\n\n<p><strong>&#8211; \u00bfPor qu\u00e9 elegiste estudiar telecomunicaciones?<br\/><\/strong><br\/>Ten\u00eda claro que quer\u00eda estudiar ingenier\u00eda, pero m\u00e1s all\u00e1 de eso, estaba un poco perdida. Supongo que eso es bastante com\u00fan cuando terminas la escuela secundaria. La mayor\u00eda de mis amigos se matricularon en Ingenier\u00eda Inform\u00e1tica, y yo por una cuesti\u00f3n de mera intuici\u00f3n, opt\u00e9 por las telecomunicaciones. Hasta el d\u00eda de hoy me alegro de haber tomado esa decisi\u00f3n.<\/p>\n\n<p><strong>&#8211; \u00bfQu\u00e9 especialidad elegiste? \u00bfy por qu\u00e9?<br\/><\/strong><br\/>Opt\u00e9 un poco por Imagen y Sonido por lo mismo. Simplemente me atra\u00eda un poco m\u00e1s que la especialidad de Sistemas de Telecomunicaciones, que era la otra que ofertaba la Universidad de Vigo.<\/p>\n\n<p><strong>&#8211; A que te dedicas actualmente?<br\/><\/strong><br\/>Como mencion\u00e9 antes, actualmente soy responsable de Certificaciones y Fabricaci\u00f3n en Cocomm. Mi misi\u00f3n no es otra que lograr que las producciones de los diferentes terminales que tenemos en nuestro cat\u00e1logo de productos se realicen en tiempo y forma. Tambi\u00e9n gestiono los procesos de certificaci\u00f3n de todos nuestros nuevos productos, para asegurarnos de que cumplimos con la normativa de cualquier mercado en el que planeemos venderlos, as\u00ed como con aquellos certificados adicionales requeridos por los operadores que deciden vender nuestro producto.<\/p>\n\n<p>&#8211; \u00bfCu\u00e1les son las ventajas de ser licenciado o ingeniero t\u00e9cnico de telecomunicaciones?<br\/>Podemos presumir de ser profesionales con una base de conocimientos muy amplia y, en general, una gran capacidad de adaptaci\u00f3n a diferentes roles dentro de la empresa. En un entorno tan cambiante como el actual, probablemente sea nuestra mayor virtud.<\/p>\n\n<p><strong>&#8211; \u00bfQu\u00e9 le dir\u00edas a un chico de secundaria para que elija estudiar telecomunicaciones?<br\/><\/strong><br\/>Simplemente te recomendar\u00eda que te dejes llevar por lo que m\u00e1s te apasiona. D\u00e9jalo decidir por s\u00ed mismo en funci\u00f3n de sus preferencias personales sin dejarse influenciar por terceros. Al fin y al cabo, dedicar\u00e1s un porcentaje muy alto de tu d\u00eda a d\u00eda a desarrollar la profesi\u00f3n para la que decides prepararte.<\/p>\n\n<p><strong>&#8211; \u00bfQu\u00e9 te aporta la COETTGA?<br\/><\/strong><br\/>Aprecio mucho todo el trabajo que se est\u00e1 haciendo en torno a la defensa de nuestras capacidades y el valor del colectivo en el mercado laboral.<\/p>\n\n<p><strong>&#8211; \u00bfQu\u00e9 te gustar\u00eda aportar a COETTGA?<br\/><\/strong><br\/>Intento participar en todas las iniciativas que se llevan a cabo, principalmente desde la demarcaci\u00f3n gallega, intentando aportar mi granito de arena donde sea necesario.<br\/><strong><br\/>&#8211; \u00bfQu\u00e9 le dir\u00edas a un estudiante de telecomunicaciones para que se junten?<\/strong><\/p>\n\n<p>Probablemente sea uno de los puntos donde la escuela tiene m\u00e1s sentido. Generalmente, al finalizar los estudios pueden aparecer esas dudas de \u201c\u00bfy ahora qu\u00e9?\u201d. La escuela puede ser una herramienta muy \u00fatil para acercar a los reci\u00e9n graduados al mundo empresarial, por ejemplo a trav\u00e9s de eventos que fomenten el networking.<\/p>\n","protected":false},"excerpt":{"rendered":"<p>TELECO DEL MES. Mi nombre es Jos\u00e9 Carlos Rodr\u00edguez Varela, aunque desde peque\u00f1o todos los que me conocen de cerca me llaman Charlie. Nac\u00ed y crec\u00ed en una peque\u00f1a parroquia llamada Pazos (Ponteceso &#8211; A Coru\u00f1a). All\u00ed pas\u00e9 mi infancia y adolescencia hasta que decid\u00ed trasladarme a Vigo para estudiar Ingenier\u00eda T\u00e9cnica de Telecomunicaci\u00f3n. Despu\u00e9s&#8230;<\/p>\n","protected":false},"author":1,"featured_media":5356,"comment_status":"closed","ping_status":"closed","sticky":false,"template":"","format":"standard","meta":{"footnotes":""},"categories":[120],"tags":[],"class_list":["post-5731","post","type-post","status-publish","format-standard","has-post-thumbnail","hentry","category-teleco-del-mes"],"yoast_head":"<!-- This site is optimized with the Yoast SEO Premium plugin v21.6 (Yoast SEO v26.8) - https:\/\/yoast.com\/product\/yoast-seo-premium-wordpress\/ -->\n<title>Teleco del mes - Jos\u00e9 Carlos Rodr\u00edguez Varela - Colegio Oficial de Ingenieros T\u00e9cnicos de Telecomunicaciones de Galicia - COETTGA<\/title>\n<meta name=\"robots\" content=\"index, follow, max-snippet:-1, max-image-preview:large, max-video-preview:-1\" \/>\n<link rel=\"canonical\" href=\"https:\/\/coettga.es\/teleco-do-mes-jose-carlos-rodriguez-varela\/\" \/>\n<meta property=\"og:locale\" content=\"es_ES\" \/>\n<meta property=\"og:type\" content=\"article\" \/>\n<meta property=\"og:title\" content=\"Teleco del mes - Jos\u00e9 Carlos Rodr\u00edguez Varela\" \/>\n<meta property=\"og:description\" content=\"TELECO DEL MES. Mi nombre es Jos\u00e9 Carlos Rodr\u00edguez Varela, aunque desde peque\u00f1o todos los que me conocen de cerca me llaman Charlie. Nac\u00ed y crec\u00ed en una peque\u00f1a parroquia llamada Pazos (Ponteceso &#8211; A Coru\u00f1a). All\u00ed pas\u00e9 mi infancia y adolescencia hasta que decid\u00ed trasladarme a Vigo para estudiar Ingenier\u00eda T\u00e9cnica de Telecomunicaci\u00f3n. Despu\u00e9s...\" \/>\n<meta property=\"og:url\" content=\"https:\/\/coettga.es\/teleco-do-mes-jose-carlos-rodriguez-varela\/\" \/>\n<meta property=\"og:site_name\" content=\"Colegio Oficial de Ingenieros T\u00e9cnicos de Telecomunicaciones de Galicia - COETTGA\" \/>\n<meta property=\"article:publisher\" content=\"https:\/\/www.facebook.com\/coettga\/\" \/>\n<meta property=\"article:published_time\" content=\"2022-01-04T10:00:00+00:00\" \/>\n<meta property=\"article:modified_time\" content=\"2023-11-24T00:03:24+00:00\" \/>\n<meta property=\"og:image\" content=\"https:\/\/coettga.es\/wp-content\/uploads\/2022\/03\/charlie_400x400.jpg\" \/>\n\t<meta property=\"og:image:width\" content=\"400\" \/>\n\t<meta property=\"og:image:height\" content=\"400\" \/>\n\t<meta property=\"og:image:type\" content=\"image\/jpeg\" \/>\n<meta name=\"author\" content=\"webmaster\" \/>\n<meta name=\"twitter:card\" content=\"summary_large_image\" \/>\n<meta name=\"twitter:creator\" content=\"@coettga\" \/>\n<meta name=\"twitter:site\" content=\"@coettga\" \/>\n<meta name=\"twitter:label1\" content=\"Escrito por\" \/>\n\t<meta name=\"twitter:data1\" content=\"webmaster\" \/>\n\t<meta name=\"twitter:label2\" content=\"Tiempo de lectura\" \/>\n\t<meta name=\"twitter:data2\" content=\"3 minutos\" \/>\n<script type=\"application\/ld+json\" class=\"yoast-schema-graph\">{\"@context\":\"https:\/\/schema.org\",\"@graph\":[{\"@type\":\"Article\",\"@id\":\"https:\/\/coettga.es\/teleco-do-mes-jose-carlos-rodriguez-varela\/#article\",\"isPartOf\":{\"@id\":\"https:\/\/coettga.es\/teleco-do-mes-jose-carlos-rodriguez-varela\/\"},\"author\":{\"name\":\"webmaster\",\"@id\":\"https:\/\/coettga.es\/#\/schema\/person\/130d2a657bf8d48723e21394f45ec0e1\"},\"headline\":\"Teleco del mes &#8211; Jos\u00e9 Carlos Rodr\u00edguez Varela\",\"datePublished\":\"2022-01-04T10:00:00+00:00\",\"dateModified\":\"2023-11-24T00:03:24+00:00\",\"mainEntityOfPage\":{\"@id\":\"https:\/\/coettga.es\/teleco-do-mes-jose-carlos-rodriguez-varela\/\"},\"wordCount\":615,\"publisher\":{\"@id\":\"https:\/\/coettga.es\/#organization\"},\"image\":{\"@id\":\"https:\/\/coettga.es\/teleco-do-mes-jose-carlos-rodriguez-varela\/#primaryimage\"},\"thumbnailUrl\":\"https:\/\/coettga.es\/wp-content\/uploads\/2022\/03\/charlie_400x400.jpg\",\"articleSection\":[\"Teleco del mes\"],\"inLanguage\":\"es\"},{\"@type\":\"WebPage\",\"@id\":\"https:\/\/coettga.es\/teleco-do-mes-jose-carlos-rodriguez-varela\/\",\"url\":\"https:\/\/coettga.es\/teleco-do-mes-jose-carlos-rodriguez-varela\/\",\"name\":\"Teleco del mes - Jos\u00e9 Carlos Rodr\u00edguez Varela - Colegio Oficial de Ingenieros T\u00e9cnicos de Telecomunicaciones de Galicia - COETTGA\",\"isPartOf\":{\"@id\":\"https:\/\/coettga.es\/#website\"},\"primaryImageOfPage\":{\"@id\":\"https:\/\/coettga.es\/teleco-do-mes-jose-carlos-rodriguez-varela\/#primaryimage\"},\"image\":{\"@id\":\"https:\/\/coettga.es\/teleco-do-mes-jose-carlos-rodriguez-varela\/#primaryimage\"},\"thumbnailUrl\":\"https:\/\/coettga.es\/wp-content\/uploads\/2022\/03\/charlie_400x400.jpg\",\"datePublished\":\"2022-01-04T10:00:00+00:00\",\"dateModified\":\"2023-11-24T00:03:24+00:00\",\"breadcrumb\":{\"@id\":\"https:\/\/coettga.es\/teleco-do-mes-jose-carlos-rodriguez-varela\/#breadcrumb\"},\"inLanguage\":\"es\",\"potentialAction\":[{\"@type\":\"ReadAction\",\"target\":[\"https:\/\/coettga.es\/teleco-do-mes-jose-carlos-rodriguez-varela\/\"]}]},{\"@type\":\"ImageObject\",\"inLanguage\":\"es\",\"@id\":\"https:\/\/coettga.es\/teleco-do-mes-jose-carlos-rodriguez-varela\/#primaryimage\",\"url\":\"https:\/\/coettga.es\/wp-content\/uploads\/2022\/03\/charlie_400x400.jpg\",\"contentUrl\":\"https:\/\/coettga.es\/wp-content\/uploads\/2022\/03\/charlie_400x400.jpg\",\"width\":400,\"height\":400},{\"@type\":\"BreadcrumbList\",\"@id\":\"https:\/\/coettga.es\/teleco-do-mes-jose-carlos-rodriguez-varela\/#breadcrumb\",\"itemListElement\":[{\"@type\":\"ListItem\",\"position\":1,\"name\":\"COETTGA\",\"item\":\"https:\/\/coettga.es\/\"},{\"@type\":\"ListItem\",\"position\":2,\"name\":\"Teleco del mes &#8211; Jos\u00e9 Carlos Rodr\u00edguez Varela\"}]},{\"@type\":\"WebSite\",\"@id\":\"https:\/\/coettga.es\/#website\",\"url\":\"https:\/\/coettga.es\/\",\"name\":\"Coettga Colexio Oficial de Enxe\u00f1eiros T\u00e9cnicos de Telecomunicaci\u00f3ns de Galicia\",\"description\":\"Ingenieros T\u00e9cnicos de Telecomunicaciones de Galicia - COETTGA\",\"publisher\":{\"@id\":\"https:\/\/coettga.es\/#organization\"},\"alternateName\":\"Colegio Oficial de Ingenieros T\u00e9cnicos de Telecomunicaciones de Galicia Coettga\",\"potentialAction\":[{\"@type\":\"SearchAction\",\"target\":{\"@type\":\"EntryPoint\",\"urlTemplate\":\"https:\/\/coettga.es\/?s={search_term_string}\"},\"query-input\":{\"@type\":\"PropertyValueSpecification\",\"valueRequired\":true,\"valueName\":\"search_term_string\"}}],\"inLanguage\":\"es\"},{\"@type\":\"Organization\",\"@id\":\"https:\/\/coettga.es\/#organization\",\"name\":\"Coettga - Colexio Oficial de Enxe\u00f1eiros T\u00e9cnicos de Telecomunicaci\u00f3ns de Galicia\",\"alternateName\":\"Ingenieros T\u00e9cnicos de Telecomunicaciones de Galicia\",\"url\":\"https:\/\/coettga.es\/\",\"logo\":{\"@type\":\"ImageObject\",\"inLanguage\":\"es\",\"@id\":\"https:\/\/coettga.es\/#\/schema\/logo\/image\/\",\"url\":\"https:\/\/coettga.es\/wp-content\/uploads\/2022\/03\/avatar-galicia.jpg\",\"contentUrl\":\"https:\/\/coettga.es\/wp-content\/uploads\/2022\/03\/avatar-galicia.jpg\",\"width\":1563,\"height\":1563,\"caption\":\"Coettga - Colexio Oficial de Enxe\u00f1eiros T\u00e9cnicos de Telecomunicaci\u00f3ns de Galicia\"},\"image\":{\"@id\":\"https:\/\/coettga.es\/#\/schema\/logo\/image\/\"},\"sameAs\":[\"https:\/\/www.facebook.com\/coettga\/\",\"https:\/\/x.com\/coettga\",\"https:\/\/www.linkedin.com\/company\/10946667\/admin\/\",\"https:\/\/www.instagram.com\/coettga\"]},{\"@type\":\"Person\",\"@id\":\"https:\/\/coettga.es\/#\/schema\/person\/130d2a657bf8d48723e21394f45ec0e1\",\"name\":\"webmaster\",\"image\":{\"@type\":\"ImageObject\",\"inLanguage\":\"es\",\"@id\":\"https:\/\/coettga.es\/#\/schema\/person\/image\/\",\"url\":\"https:\/\/coettga.es\/wp-content\/litespeed\/avatar\/ce259cb8f424726e206ee96b7b049584.jpg?ver=1777549583\",\"contentUrl\":\"https:\/\/coettga.es\/wp-content\/litespeed\/avatar\/ce259cb8f424726e206ee96b7b049584.jpg?ver=1777549583\",\"caption\":\"webmaster\"},\"sameAs\":[\"https:\/\/coettga.es\"],\"url\":\"https:\/\/coettga.es\/es\/author\/webmaster\/\"}]}<\/script>\n<!-- \/ Yoast SEO Premium plugin. -->","yoast_head_json":{"title":"Teleco del mes - Jos\u00e9 Carlos Rodr\u00edguez Varela - Colegio Oficial de Ingenieros T\u00e9cnicos de Telecomunicaciones de Galicia - COETTGA","robots":{"index":"index","follow":"follow","max-snippet":"max-snippet:-1","max-image-preview":"max-image-preview:large","max-video-preview":"max-video-preview:-1"},"canonical":"https:\/\/coettga.es\/teleco-do-mes-jose-carlos-rodriguez-varela\/","og_locale":"es_ES","og_type":"article","og_title":"Teleco del mes - Jos\u00e9 Carlos Rodr\u00edguez Varela","og_description":"TELECO DEL MES. Mi nombre es Jos\u00e9 Carlos Rodr\u00edguez Varela, aunque desde peque\u00f1o todos los que me conocen de cerca me llaman Charlie. Nac\u00ed y crec\u00ed en una peque\u00f1a parroquia llamada Pazos (Ponteceso &#8211; A Coru\u00f1a). All\u00ed pas\u00e9 mi infancia y adolescencia hasta que decid\u00ed trasladarme a Vigo para estudiar Ingenier\u00eda T\u00e9cnica de Telecomunicaci\u00f3n. Despu\u00e9s...","og_url":"https:\/\/coettga.es\/teleco-do-mes-jose-carlos-rodriguez-varela\/","og_site_name":"Colegio Oficial de Ingenieros T\u00e9cnicos de Telecomunicaciones de Galicia - COETTGA","article_publisher":"https:\/\/www.facebook.com\/coettga\/","article_published_time":"2022-01-04T10:00:00+00:00","article_modified_time":"2023-11-24T00:03:24+00:00","og_image":[{"width":400,"height":400,"url":"https:\/\/coettga.es\/wp-content\/uploads\/2022\/03\/charlie_400x400.jpg","type":"image\/jpeg"}],"author":"webmaster","twitter_card":"summary_large_image","twitter_creator":"@coettga","twitter_site":"@coettga","twitter_misc":{"Escrito por":"webmaster","Tiempo de lectura":"3 minutos"},"schema":{"@context":"https:\/\/schema.org","@graph":[{"@type":"Article","@id":"https:\/\/coettga.es\/teleco-do-mes-jose-carlos-rodriguez-varela\/#article","isPartOf":{"@id":"https:\/\/coettga.es\/teleco-do-mes-jose-carlos-rodriguez-varela\/"},"author":{"name":"webmaster","@id":"https:\/\/coettga.es\/#\/schema\/person\/130d2a657bf8d48723e21394f45ec0e1"},"headline":"Teleco del mes &#8211; Jos\u00e9 Carlos Rodr\u00edguez Varela","datePublished":"2022-01-04T10:00:00+00:00","dateModified":"2023-11-24T00:03:24+00:00","mainEntityOfPage":{"@id":"https:\/\/coettga.es\/teleco-do-mes-jose-carlos-rodriguez-varela\/"},"wordCount":615,"publisher":{"@id":"https:\/\/coettga.es\/#organization"},"image":{"@id":"https:\/\/coettga.es\/teleco-do-mes-jose-carlos-rodriguez-varela\/#primaryimage"},"thumbnailUrl":"https:\/\/coettga.es\/wp-content\/uploads\/2022\/03\/charlie_400x400.jpg","articleSection":["Teleco del mes"],"inLanguage":"es"},{"@type":"WebPage","@id":"https:\/\/coettga.es\/teleco-do-mes-jose-carlos-rodriguez-varela\/","url":"https:\/\/coettga.es\/teleco-do-mes-jose-carlos-rodriguez-varela\/","name":"Teleco del mes - Jos\u00e9 Carlos Rodr\u00edguez Varela - Colegio Oficial de Ingenieros T\u00e9cnicos de Telecomunicaciones de Galicia - COETTGA","isPartOf":{"@id":"https:\/\/coettga.es\/#website"},"primaryImageOfPage":{"@id":"https:\/\/coettga.es\/teleco-do-mes-jose-carlos-rodriguez-varela\/#primaryimage"},"image":{"@id":"https:\/\/coettga.es\/teleco-do-mes-jose-carlos-rodriguez-varela\/#primaryimage"},"thumbnailUrl":"https:\/\/coettga.es\/wp-content\/uploads\/2022\/03\/charlie_400x400.jpg","datePublished":"2022-01-04T10:00:00+00:00","dateModified":"2023-11-24T00:03:24+00:00","breadcrumb":{"@id":"https:\/\/coettga.es\/teleco-do-mes-jose-carlos-rodriguez-varela\/#breadcrumb"},"inLanguage":"es","potentialAction":[{"@type":"ReadAction","target":["https:\/\/coettga.es\/teleco-do-mes-jose-carlos-rodriguez-varela\/"]}]},{"@type":"ImageObject","inLanguage":"es","@id":"https:\/\/coettga.es\/teleco-do-mes-jose-carlos-rodriguez-varela\/#primaryimage","url":"https:\/\/coettga.es\/wp-content\/uploads\/2022\/03\/charlie_400x400.jpg","contentUrl":"https:\/\/coettga.es\/wp-content\/uploads\/2022\/03\/charlie_400x400.jpg","width":400,"height":400},{"@type":"BreadcrumbList","@id":"https:\/\/coettga.es\/teleco-do-mes-jose-carlos-rodriguez-varela\/#breadcrumb","itemListElement":[{"@type":"ListItem","position":1,"name":"COETTGA","item":"https:\/\/coettga.es\/"},{"@type":"ListItem","position":2,"name":"Teleco del mes &#8211; Jos\u00e9 Carlos Rodr\u00edguez Varela"}]},{"@type":"WebSite","@id":"https:\/\/coettga.es\/#website","url":"https:\/\/coettga.es\/","name":"Coettga Colexio Oficial de Enxe\u00f1eiros T\u00e9cnicos de Telecomunicaci\u00f3ns de Galicia","description":"Ingenieros T\u00e9cnicos de Telecomunicaciones de Galicia - COETTGA","publisher":{"@id":"https:\/\/coettga.es\/#organization"},"alternateName":"Colegio Oficial de Ingenieros T\u00e9cnicos de Telecomunicaciones de Galicia Coettga","potentialAction":[{"@type":"SearchAction","target":{"@type":"EntryPoint","urlTemplate":"https:\/\/coettga.es\/?s={search_term_string}"},"query-input":{"@type":"PropertyValueSpecification","valueRequired":true,"valueName":"search_term_string"}}],"inLanguage":"es"},{"@type":"Organization","@id":"https:\/\/coettga.es\/#organization","name":"Coettga - Colexio Oficial de Enxe\u00f1eiros T\u00e9cnicos de Telecomunicaci\u00f3ns de Galicia","alternateName":"Ingenieros T\u00e9cnicos de Telecomunicaciones de Galicia","url":"https:\/\/coettga.es\/","logo":{"@type":"ImageObject","inLanguage":"es","@id":"https:\/\/coettga.es\/#\/schema\/logo\/image\/","url":"https:\/\/coettga.es\/wp-content\/uploads\/2022\/03\/avatar-galicia.jpg","contentUrl":"https:\/\/coettga.es\/wp-content\/uploads\/2022\/03\/avatar-galicia.jpg","width":1563,"height":1563,"caption":"Coettga - Colexio Oficial de Enxe\u00f1eiros T\u00e9cnicos de Telecomunicaci\u00f3ns de Galicia"},"image":{"@id":"https:\/\/coettga.es\/#\/schema\/logo\/image\/"},"sameAs":["https:\/\/www.facebook.com\/coettga\/","https:\/\/x.com\/coettga","https:\/\/www.linkedin.com\/company\/10946667\/admin\/","https:\/\/www.instagram.com\/coettga"]},{"@type":"Person","@id":"https:\/\/coettga.es\/#\/schema\/person\/130d2a657bf8d48723e21394f45ec0e1","name":"webmaster","image":{"@type":"ImageObject","inLanguage":"es","@id":"https:\/\/coettga.es\/#\/schema\/person\/image\/","url":"https:\/\/coettga.es\/wp-content\/litespeed\/avatar\/ce259cb8f424726e206ee96b7b049584.jpg?ver=1777549583","contentUrl":"https:\/\/coettga.es\/wp-content\/litespeed\/avatar\/ce259cb8f424726e206ee96b7b049584.jpg?ver=1777549583","caption":"webmaster"},"sameAs":["https:\/\/coettga.es"],"url":"https:\/\/coettga.es\/es\/author\/webmaster\/"}]}},"_links":{"self":[{"href":"https:\/\/coettga.es\/es\/wp-json\/wp\/v2\/posts\/5731","targetHints":{"allow":["GET"]}}],"collection":[{"href":"https:\/\/coettga.es\/es\/wp-json\/wp\/v2\/posts"}],"about":[{"href":"https:\/\/coettga.es\/es\/wp-json\/wp\/v2\/types\/post"}],"author":[{"embeddable":true,"href":"https:\/\/coettga.es\/es\/wp-json\/wp\/v2\/users\/1"}],"replies":[{"embeddable":true,"href":"https:\/\/coettga.es\/es\/wp-json\/wp\/v2\/comments?post=5731"}],"version-history":[{"count":1,"href":"https:\/\/coettga.es\/es\/wp-json\/wp\/v2\/posts\/5731\/revisions"}],"predecessor-version":[{"id":5732,"href":"https:\/\/coettga.es\/es\/wp-json\/wp\/v2\/posts\/5731\/revisions\/5732"}],"wp:featuredmedia":[{"embeddable":true,"href":"https:\/\/coettga.es\/es\/wp-json\/wp\/v2\/media\/5356"}],"wp:attachment":[{"href":"https:\/\/coettga.es\/es\/wp-json\/wp\/v2\/media?parent=5731"}],"wp:term":[{"taxonomy":"category","embeddable":true,"href":"https:\/\/coettga.es\/es\/wp-json\/wp\/v2\/categories?post=5731"},{"taxonomy":"post_tag","embeddable":true,"href":"https:\/\/coettga.es\/es\/wp-json\/wp\/v2\/tags?post=5731"}],"curies":[{"name":"wp","href":"https:\/\/api.w.org\/{rel}","templated":true}]}}