{"id":5721,"date":"2023-10-03T10:30:05","date_gmt":"2023-10-03T08:30:05","guid":{"rendered":"https:\/\/coettga.es\/blockgalicia-se-consolida-como-evento-referencia-del-sector-en-su-primera-edicion\/"},"modified":"2023-11-24T00:39:22","modified_gmt":"2023-11-23T23:39:22","slug":"blockgalicia-se-consolida-como-evento-referencia-del-sector-en-su-primera-edicion","status":"publish","type":"post","link":"https:\/\/coettga.es\/es\/blockgalicia-se-consolida-como-evento-referencia-del-sector-en-su-primera-edicion\/","title":{"rendered":"BlockGalicia se consolida como evento referencia del sector en su primera edici\u00f3n"},"content":{"rendered":"\n<ul class=\"wp-block-list\">\n<li>BlockGalicia by Dextools se ha convertido en el evento referencia<em>. No se conoc\u00eda un evento tan completo en el sector.<\/em><\/li>\n\n\n\n<li>\u201c<em>No estamos atendiendo con la seriedad necesaria el salto que se est\u00e1 produciendo en telecomunicaciones. Falta ambici\u00f3n para aprovechar las oportunidades\u201d, se\u00f1ala Jos\u00e9 Manuel Mart\u00ednez desde la organizaci\u00f3n.<\/em><\/li>\n\n\n\n<li>BlockGalicia by Dextools congreg\u00f3 a cerca de un millar de personas en Galicia, con un impacto econ\u00f3mico cercano a los 500.000\u20ac.<\/li>\n<\/ul>\n\n<p><\/p>\n\n<p><strong>Santiago de Compostela, lunes 2 de octubre<\/strong><\/p>\n\n<p><strong>BlockGalicia se ha convertido en el evento referencia de la tecnolog\u00eda blockchain<\/strong> a nivel nacional y ya con trascendencia a nivel internacional. Ha conseguido combinar en un macroevento a los mejores profesionales de esta tecnolog\u00eda en las distintas \u00e1reas de aplicaci\u00f3n, desde la industria alimentaria hasta ciberseguridad, pasando por metaverso, los NFTs y el gaming.<\/p>\n\n<p>No ha pasado desapercibido para nadie del \u00e1mbito de las telecomunicaciones, las TIC\u00b4s y sector <em>cripto<\/em>; porque si algo ha conseguido este congreso en su primera edici\u00f3n son los dos objetivos que se hab\u00edan marcado desde la organizaci\u00f3n. Primero, ser un evento formativo, educativo y divulgativo transversalmente.<\/p>\n\n<p>En segundo lugar, desmitificar la err\u00f3nea concepci\u00f3n de relacionar exclusivamente la tecnolog\u00eda blockchain con las criptomonedas y con la ilegalidad. Y para ello, la formaci\u00f3n y divulgaci\u00f3n es fundamental, con el fin de explicar la tecnolog\u00eda en s\u00ed, con la participaci\u00f3n de abogados, fuerzas y cuerpos de seguridad del Estado, t\u00e9cnicos de Hacienda, etc.<\/p>\n\n<p>Y como tercer y \u00faltimo objetivo, <strong>destacar la transversalidad de la aplicaci\u00f3n de esta disruptiva tecnolog\u00eda<\/strong>, en proyectos tan diversos como la trazabilidad industrial, su aplicaci\u00f3n en la industria pesquera, tan importante en Galicia, en el \u00e1mbito del granito y en otras muchas transversales de gran importancia econ\u00f3mica para Galicia.<\/p>\n\n<p><strong>EVENTO FORMATIVO Y DIVULGATIVO<\/strong><\/p>\n\n<p>Una de las jornadas m\u00e1s importantes del evento ha sido la que la organizaci\u00f3n ha denominado \u201c<em>d\u00eda 0<\/em>\u201d, en la que la aceptaci\u00f3n y participaci\u00f3n de los congresistas ha sido masiva.<\/p>\n\n<p><\/p>\n\n<p>Los grandes profesionales en todo el territorio nacional han estado presentes para transmitir y explicar al p\u00fablico general y que no hab\u00eda tenido contacto previo con esta tecnolog\u00eda, los fundamentos de la misma, la seguridad y ciberseguridad a\u00f1adida, legislaci\u00f3n e incluso la explicaci\u00f3n de lo que es un NFT (token no fungible), tan usado en la tecnolog\u00eda blockchain.<\/p>\n\n<p>Destacaron los asistentes que, en el sector <strong>no se conoc\u00eda evento en el mundo que congregue a personas que no hayan tenido nunca un contacto previo con la tecnolog\u00eda en ninguna de sus aplicaciones, junto con los mayores profesionales del sector<\/strong>. Adem\u00e1s de ello, no s\u00f3lo se ha logrado ese <em>trasvase<\/em> de informaci\u00f3n, conceptos pr\u00e1cticos y conocimiento te\u00f3rico, sino que tambi\u00e9n ha sido una espectacular jornada de networking y debate, con el nacimiento incluso de de varios proyectos entre los inexpertos que ten\u00edan la idea y los profesionales que le han propuesto ponerla en marcha. Todo ello, destacaban todos los congresistas consultados, en un ambiente acogedor, afable, cercano y muy propicio para el networking.<\/p>\n\n<p><\/p>\n\n<p><strong>TELECOMUNICACIONES<\/strong><\/p>\n\n<p>El Colegio Oficial de Enxe\u00f1eiros T\u00e9cnicos de Telecomunicaci\u00f3n de Galicia, a trav\u00e9s de su decano, Jos\u00e9 Manuel Mart\u00ednez, ha sido muy exigente y reivindicativo ante los asistentes y las instituciones: \u201c<em>Por desgracia, desde el punto de vista de una estrategia institucional reconocible a escala nacional, <strong>no estamos atendiendo con la seriedad necesaria el salto que se est\u00e1 produciendo con en relaci\u00f3n con las Telecomunicaciones<\/strong>, la transformaci\u00f3n digital, la IA y sus aplicaciones<\/em>\u201d &#8211; dec\u00eda Mart\u00ednez &#8211; \u201c<em><strong>Nos falta ambici\u00f3n a la hora de aprovechar las oportunidades<\/strong> que las telecomunicaciones y el blockchain nos pueden ofrecer como sociedad<\/em>\u201d.<\/p>\n\n<p>\u201c<em><strong>Muchas veces no hace falta que las administraciones hagan nada, sino que en la mayor\u00eda de los casos, con tal de no molestar y dejar a los profesionales evolucionar es suficiente<\/strong><\/em>\u201d, afirma Mart\u00ednez, pidi\u00e9ndo expresamente que \u201c<em>no pongan trabas en las ruedas, sino que escuchen propuestas y soluciones reales<\/em>\u201d.<\/p>\n\n<p>Tanto la Xunta de Galicia, patrocinador del evento y representada por RETEGAL en el acto inaugural, como el Ayuntamiento de Santiago de Compostela, han recogido el guante a la propuesta del decano auton\u00f3mico. Se comprometieron a integrar esta tecnolog\u00eda en la administraci\u00f3n con la ayuda de ambos organizadores COETTGA y AGALBIT, as\u00ed como a facilitar este tipo de eventos tan necesarios en la sociedad de hoy en d\u00eda, \u201cla digitalizaci\u00f3n y la evoluci\u00f3n tecnol\u00f3gica pasa primeramente por la formaci\u00f3n de nuestra sociedad\u201d.<\/p>\n\n<p>La cosa no ha quedado ah\u00ed, ya que Mart\u00ednez ha ido m\u00e1s lejos, reiterando que el COETTGA est\u00e1 al servicio de la Administraci\u00f3n, \u201c<em><strong>es necesario incorporar un ingeniero t\u00e9cnico de telecomunicaciones al frente de cada ayuntamiento y en todos los \u00f3rganos administrativos y legislativos a nivel nacional, ya que ser\u00e1 la \u00fanica garant\u00eda de que las telecomunicaciones y las nuevas tecnolog\u00edas se implemente<\/strong><\/em> <\/p>\n\n<p><em><strong>correctamente y de manera segura<\/strong><\/em>\u201d retando a la Administraci\u00f3n a darle una respuesta a su propuesta. \u201cNo podemos pretender hacer realidad una evoluci\u00f3n digital sin esta figura dentro de todos los organigramas institucionales\u201d.<\/p>\n\n<figure class=\"wp-block-image size-large\"><img fetchpriority=\"high\" decoding=\"async\" width=\"1024\" height=\"683\" src=\"https:\/\/coettga.es\/wp-content\/uploads\/2023\/10\/ICongresoInternacionaldeBlockchaindeGalicia_DSCF2185cXaimeCortizo1-1024x683.jpg\" alt=\"\" class=\"wp-image-4826\" srcset=\"https:\/\/coettga.es\/wp-content\/uploads\/2023\/10\/ICongresoInternacionaldeBlockchaindeGalicia_DSCF2185cXaimeCortizo1-1024x683.jpg 1024w, https:\/\/coettga.es\/wp-content\/uploads\/2023\/10\/ICongresoInternacionaldeBlockchaindeGalicia_DSCF2185cXaimeCortizo1-300x200.jpg 300w, https:\/\/coettga.es\/wp-content\/uploads\/2023\/10\/ICongresoInternacionaldeBlockchaindeGalicia_DSCF2185cXaimeCortizo1-768x512.jpg 768w, https:\/\/coettga.es\/wp-content\/uploads\/2023\/10\/ICongresoInternacionaldeBlockchaindeGalicia_DSCF2185cXaimeCortizo1-600x400.jpg 600w, https:\/\/coettga.es\/wp-content\/uploads\/2023\/10\/ICongresoInternacionaldeBlockchaindeGalicia_DSCF2185cXaimeCortizo1.jpg 1200w\" sizes=\"(max-width: 1024px) 100vw, 1024px\" \/><\/figure>\n\n<p><strong>IMPACTO ECON\u00d3MICO<\/strong><\/p>\n\n<p><\/p><p>Este primer BlockGalicia by Dextools, porque la demanda de siguientes ediciones ha quedado patente, ha sido capaz de congregar de manera completamente impredecible por la organizaci\u00f3n, a <strong>cerca de un millar de personas en la primera edici\u00f3n, lo que denota el enorme inter\u00e9s<\/strong> en Galicia, pero en el que pudimos ver asistentes de Corea, Luxemburgo, Argentina, Venezuela, etc\u2026La organizaci\u00f3n estima que el <strong>impacto econ\u00f3mico directo<\/strong> que ha retribuido este evento en la capital gallega est\u00e1 cercano a los <strong>500.000\u20ac<\/strong>. A ello habr\u00eda que a\u00f1adir el impacto econ\u00f3mico que el evento va a tener en los diferentes sectores econ\u00f3micos de la sociedad. Eso es incalculable a fecha de hoy.Los asistentes y empresas que, o bien ya estaban en proceso de implementaci\u00f3n, o bien han sido la semilla que va a hacer que la integraci\u00f3n de esta tecnolog\u00eda aumente de manera exponencial en el caso de la industria, la alimentaci\u00f3n, la pesca, etc\u2026 suponiendo un gran salto en las telecomunicaciones que conocemos actualmente.<\/p>\n\n<p><strong>CONCLUSIONES<\/strong><\/p>\n\n<p>\u201c<strong>El Congreso se ha quedado corto<\/strong>\u201d es la sensaci\u00f3n generalizada de empresas, ponentes y asistentes. Han sido tres jornadas intensas con una gran variedad de charlas acad\u00e9micas de alto nivel, talleres especializados y mesas de debate en las que participaron reconocidos profesionales, tocando temas muchas veces tab\u00fa en el sector como son el marco regulatorio, el desarrollo legal o las finanzas.<\/p>\n\n<p>Se han expresado opiniones y conclusiones muy significativas de mano de los asistentes sobre productos, aplicaciones y tecnolog\u00edas emergentes, as\u00ed como el propicio ambiente de networking entre empresas y los profesionales que est\u00e1n dise\u00f1ando el futuro de la blockchain a nivel mundial. El gran logro del evento ha sido poder conectar a los asistentes con profesionales y personas afines, estableciendo un precedente significativo en el sector.<\/p>\n\n<p>Durante estos tres d\u00edas, <strong>Santiago de Compostela se transform\u00f3 en el epicentro del conocimiento en el \u00e1mbito de las telecomunicaciones, <\/strong>la tecnolog\u00eda blockchain y el futuro de un potencial modelo econ\u00f3mico-financiero digital mundial, con la importancia y responsabilidad que todo ello conlleva.<\/p>\n\n<p>La simbiosis de conocimiento experto, debates enriquecedores y empresas punteras hizo de este congreso una experiencia memorable para todos los participantes, asistentes y colaboradores.<\/p>\n\n<p>El memor\u00e1ndum realizado por los organizadores, el Colegio Oficial de Enxe\u00f1eiros T\u00e9cnicos de Telecomunicaci\u00f3n de Galicia y la Asociaci\u00f3n Gallega de Blockchain e IoT, destaca del evento la materializaci\u00f3n de algo ya previsible por el decano del COETTGA el d\u00eda anterior al evento en declaraciones a los medios: \u201cNo vamos a tener una oportunidad similar en Galicia y pocas a nivel nacional, respeto a lo que a avances tecnol\u00f3gicos se refiere.\u201d<\/p>\n\n<p>A\u00f1adiendo \u201cEste evento supone un hito hist\u00f3rico que probablemente no veremos en el corto plazo, pero lo que se ha alcanzado en Galicia, incluso dir\u00eda en Espa\u00f1a, con este evento ha sido algo revolucionario para el sector de las telecomunicaciones.\u201d<\/p>\n\n<p><strong>EMPRESAS Y PATROCINADOR<\/strong><strong>E<\/strong><strong>S<\/strong><\/p>\n\n<p>BlockGalicia cont\u00f3 con el soporte de empresas l\u00edderes en el sector de las telecomunicaciones y del blockchain como DEXTools, empresa con participaci\u00f3n y origen gallego, que a nivel mundial es consultada y referencia en su \u00e1mbito para m\u00e1s de 20 millones de personas al mes.<\/p>\n\n<p>Adem\u00e1s, el resto de referentes en integraci\u00f3n de tecnolog\u00eda blockchain, como BitBase, Maniac Panda Games, Material Bitcoin, Fundaci\u00f3n Luckia, Litlab Games y EthicHub, EOS Group, entre otros, hicieron de este evento una garant\u00eda de \u00e9xito y futuro, significando un respaldo y una garant\u00eda para los asistentes e interesados en el sector.<\/p>\n\n<p>Hoy en d\u00eda empresas de gran calado utilizan la tecnolog\u00eda blockchain en sus procesos como puede ser Coren en Ourense, as\u00ed como en la pesca de salm\u00f3n o en la cr\u00eda de mejill\u00f3n. Cada d\u00eda m\u00e1s empresas se han volcado en aplicar esta tecnolog\u00eda sobre sus telecomunicaciones.<\/p>\n\n<p>Una de las reivindicaciones m\u00e1s destacadas de BlockGalicia es la necesidad de fomentar el acceso a la formaci\u00f3n en Blockchain en todas las capas de la sociedad, desde las instituciones hasta el ciudadano pues no se puede permanecer ajeno o indiferente por m\u00e1s tiempo a los profundos cambios econ\u00f3micos que esta tecnolog\u00eda est\u00e1 produciendo. No destinar los recursos necesarios para la formaci\u00f3n en este campo supone el riesgo de provocar una p\u00e9rdida de oportunidades en nuestra Comunidad o una fuga de talento que tenemos la obligaci\u00f3n de combatir.<\/p>\n\n<p>Galicia ha dado un decidido paso adelante reivindic\u00e1ndose como agente del cambio a trav\u00e9s de BlockGalicia. Es de esperar que las pr\u00f3ximas ediciones de este evento consoliden el camino que en esta ocasi\u00f3n comienza en Santiago de Compostela.<\/p>\n\n<figure class=\"wp-block-image size-large\"><img decoding=\"async\" width=\"1024\" height=\"683\" src=\"https:\/\/coettga.es\/wp-content\/uploads\/2023\/10\/ICongresoInternacionalBlockchainGalicia_DSCF6822cXaimeCortizo_SOC1-1-1024x683.jpg\" alt=\"\" class=\"wp-image-4833\" srcset=\"https:\/\/coettga.es\/wp-content\/uploads\/2023\/10\/ICongresoInternacionalBlockchainGalicia_DSCF6822cXaimeCortizo_SOC1-1-1024x683.jpg 1024w, https:\/\/coettga.es\/wp-content\/uploads\/2023\/10\/ICongresoInternacionalBlockchainGalicia_DSCF6822cXaimeCortizo_SOC1-1-300x200.jpg 300w, https:\/\/coettga.es\/wp-content\/uploads\/2023\/10\/ICongresoInternacionalBlockchainGalicia_DSCF6822cXaimeCortizo_SOC1-1-768x512.jpg 768w, https:\/\/coettga.es\/wp-content\/uploads\/2023\/10\/ICongresoInternacionalBlockchainGalicia_DSCF6822cXaimeCortizo_SOC1-1-1536x1024.jpg 1536w, https:\/\/coettga.es\/wp-content\/uploads\/2023\/10\/ICongresoInternacionalBlockchainGalicia_DSCF6822cXaimeCortizo_SOC1-1-2048x1366.jpg 2048w, https:\/\/coettga.es\/wp-content\/uploads\/2023\/10\/ICongresoInternacionalBlockchainGalicia_DSCF6822cXaimeCortizo_SOC1-1-600x400.jpg 600w\" sizes=\"(max-width: 1024px) 100vw, 1024px\" \/><\/figure>\n","protected":false},"excerpt":{"rendered":"<p>BlockGalicia se ha convertido en el evento referencia de la tecnolog\u00eda blockchain a nivel nacional y ya con trascendencia a nivel internacional. Ha conseguido combinar en un macroevento a los mejores profesionales de esta tecnolog\u00eda<\/p>\n","protected":false},"author":1,"featured_media":5569,"comment_status":"closed","ping_status":"open","sticky":false,"template":"","format":"standard","meta":{"footnotes":""},"categories":[116],"tags":[],"class_list":["post-5721","post","type-post","status-publish","format-standard","has-post-thumbnail","hentry","category-actualidad"],"yoast_head":"<!-- This site is optimized with the Yoast SEO Premium plugin v21.6 (Yoast SEO v26.8) - https:\/\/yoast.com\/product\/yoast-seo-premium-wordpress\/ -->\n<title>BlockGalicia se consolida como evento referencia del sector en su primera edici\u00f3n - Colegio Oficial de Ingenieros T\u00e9cnicos de Telecomunicaciones de Galicia - COETTGA<\/title>\n<meta name=\"robots\" content=\"index, follow, max-snippet:-1, max-image-preview:large, max-video-preview:-1\" \/>\n<link rel=\"canonical\" href=\"https:\/\/coettga.es\/blockgalicia-se-consolida-como-evento-referencia-del-sector-en-su-primera-edicion\/\" \/>\n<meta property=\"og:locale\" content=\"es_ES\" \/>\n<meta property=\"og:type\" content=\"article\" \/>\n<meta property=\"og:title\" content=\"BlockGalicia se consolida como evento referencia del sector en su primera edici\u00f3n\" \/>\n<meta property=\"og:description\" content=\"BlockGalicia se ha convertido en el evento referencia de la tecnolog\u00eda blockchain a nivel nacional y ya con trascendencia a nivel internacional. Ha conseguido combinar en un macroevento a los mejores profesionales de esta tecnolog\u00eda\" \/>\n<meta property=\"og:url\" content=\"https:\/\/coettga.es\/blockgalicia-se-consolida-como-evento-referencia-del-sector-en-su-primera-edicion\/\" \/>\n<meta property=\"og:site_name\" content=\"Colegio Oficial de Ingenieros T\u00e9cnicos de Telecomunicaciones de Galicia - COETTGA\" \/>\n<meta property=\"article:publisher\" content=\"https:\/\/www.facebook.com\/coettga\/\" \/>\n<meta property=\"article:published_time\" content=\"2023-10-03T08:30:05+00:00\" \/>\n<meta property=\"article:modified_time\" content=\"2023-11-23T23:39:22+00:00\" \/>\n<meta property=\"og:image\" content=\"https:\/\/coettga.es\/wp-content\/uploads\/2023\/10\/ICongresoInternacionaldeBlockchaindeGalicia_DSCF2437cXaimeCortizo1-e1696323108498.jpg\" \/>\n\t<meta property=\"og:image:width\" content=\"850\" \/>\n\t<meta property=\"og:image:height\" content=\"800\" \/>\n\t<meta property=\"og:image:type\" content=\"image\/jpeg\" \/>\n<meta name=\"author\" content=\"webmaster\" \/>\n<meta name=\"twitter:card\" content=\"summary_large_image\" \/>\n<meta name=\"twitter:creator\" content=\"@coettga\" \/>\n<meta name=\"twitter:site\" content=\"@coettga\" \/>\n<meta name=\"twitter:label1\" content=\"Escrito por\" \/>\n\t<meta name=\"twitter:data1\" content=\"webmaster\" \/>\n\t<meta name=\"twitter:label2\" content=\"Tiempo de lectura\" \/>\n\t<meta name=\"twitter:data2\" content=\"8 minutos\" \/>\n<script type=\"application\/ld+json\" class=\"yoast-schema-graph\">{\"@context\":\"https:\/\/schema.org\",\"@graph\":[{\"@type\":\"Article\",\"@id\":\"https:\/\/coettga.es\/blockgalicia-se-consolida-como-evento-referencia-del-sector-en-su-primera-edicion\/#article\",\"isPartOf\":{\"@id\":\"https:\/\/coettga.es\/blockgalicia-se-consolida-como-evento-referencia-del-sector-en-su-primera-edicion\/\"},\"author\":{\"name\":\"webmaster\",\"@id\":\"https:\/\/coettga.es\/#\/schema\/person\/130d2a657bf8d48723e21394f45ec0e1\"},\"headline\":\"BlockGalicia se consolida como evento referencia del sector en su primera edici\u00f3n\",\"datePublished\":\"2023-10-03T08:30:05+00:00\",\"dateModified\":\"2023-11-23T23:39:22+00:00\",\"mainEntityOfPage\":{\"@id\":\"https:\/\/coettga.es\/blockgalicia-se-consolida-como-evento-referencia-del-sector-en-su-primera-edicion\/\"},\"wordCount\":1704,\"publisher\":{\"@id\":\"https:\/\/coettga.es\/#organization\"},\"image\":{\"@id\":\"https:\/\/coettga.es\/blockgalicia-se-consolida-como-evento-referencia-del-sector-en-su-primera-edicion\/#primaryimage\"},\"thumbnailUrl\":\"https:\/\/coettga.es\/wp-content\/uploads\/2023\/10\/ICongresoInternacionaldeBlockchaindeGalicia_DSCF2437cXaimeCortizo1-e1696323108498.jpg\",\"articleSection\":[\"Actualidad\"],\"inLanguage\":\"es\"},{\"@type\":\"WebPage\",\"@id\":\"https:\/\/coettga.es\/blockgalicia-se-consolida-como-evento-referencia-del-sector-en-su-primera-edicion\/\",\"url\":\"https:\/\/coettga.es\/blockgalicia-se-consolida-como-evento-referencia-del-sector-en-su-primera-edicion\/\",\"name\":\"BlockGalicia se consolida como evento referencia del sector en su primera edici\u00f3n - Colegio Oficial de Ingenieros T\u00e9cnicos de Telecomunicaciones de Galicia - COETTGA\",\"isPartOf\":{\"@id\":\"https:\/\/coettga.es\/#website\"},\"primaryImageOfPage\":{\"@id\":\"https:\/\/coettga.es\/blockgalicia-se-consolida-como-evento-referencia-del-sector-en-su-primera-edicion\/#primaryimage\"},\"image\":{\"@id\":\"https:\/\/coettga.es\/blockgalicia-se-consolida-como-evento-referencia-del-sector-en-su-primera-edicion\/#primaryimage\"},\"thumbnailUrl\":\"https:\/\/coettga.es\/wp-content\/uploads\/2023\/10\/ICongresoInternacionaldeBlockchaindeGalicia_DSCF2437cXaimeCortizo1-e1696323108498.jpg\",\"datePublished\":\"2023-10-03T08:30:05+00:00\",\"dateModified\":\"2023-11-23T23:39:22+00:00\",\"breadcrumb\":{\"@id\":\"https:\/\/coettga.es\/blockgalicia-se-consolida-como-evento-referencia-del-sector-en-su-primera-edicion\/#breadcrumb\"},\"inLanguage\":\"es\",\"potentialAction\":[{\"@type\":\"ReadAction\",\"target\":[\"https:\/\/coettga.es\/blockgalicia-se-consolida-como-evento-referencia-del-sector-en-su-primera-edicion\/\"]}]},{\"@type\":\"ImageObject\",\"inLanguage\":\"es\",\"@id\":\"https:\/\/coettga.es\/blockgalicia-se-consolida-como-evento-referencia-del-sector-en-su-primera-edicion\/#primaryimage\",\"url\":\"https:\/\/coettga.es\/wp-content\/uploads\/2023\/10\/ICongresoInternacionaldeBlockchaindeGalicia_DSCF2437cXaimeCortizo1-e1696323108498.jpg\",\"contentUrl\":\"https:\/\/coettga.es\/wp-content\/uploads\/2023\/10\/ICongresoInternacionaldeBlockchaindeGalicia_DSCF2437cXaimeCortizo1-e1696323108498.jpg\",\"width\":850,\"height\":800,\"caption\":\"blockgalicia dextools Telecomunicaciones Galicia ForoTelecos 2023 forotelecos galicia coitt coettga jose manuel martinez decano teleco\"},{\"@type\":\"BreadcrumbList\",\"@id\":\"https:\/\/coettga.es\/blockgalicia-se-consolida-como-evento-referencia-del-sector-en-su-primera-edicion\/#breadcrumb\",\"itemListElement\":[{\"@type\":\"ListItem\",\"position\":1,\"name\":\"COETTGA\",\"item\":\"https:\/\/coettga.es\/\"},{\"@type\":\"ListItem\",\"position\":2,\"name\":\"BlockGalicia se consolida como evento referencia del sector en su primera edici\u00f3n\"}]},{\"@type\":\"WebSite\",\"@id\":\"https:\/\/coettga.es\/#website\",\"url\":\"https:\/\/coettga.es\/\",\"name\":\"Coettga Colexio Oficial de Enxe\u00f1eiros T\u00e9cnicos de Telecomunicaci\u00f3ns de Galicia\",\"description\":\"Ingenieros T\u00e9cnicos de Telecomunicaciones de Galicia - COETTGA\",\"publisher\":{\"@id\":\"https:\/\/coettga.es\/#organization\"},\"alternateName\":\"Colegio Oficial de Ingenieros T\u00e9cnicos de Telecomunicaciones de Galicia Coettga\",\"potentialAction\":[{\"@type\":\"SearchAction\",\"target\":{\"@type\":\"EntryPoint\",\"urlTemplate\":\"https:\/\/coettga.es\/?s={search_term_string}\"},\"query-input\":{\"@type\":\"PropertyValueSpecification\",\"valueRequired\":true,\"valueName\":\"search_term_string\"}}],\"inLanguage\":\"es\"},{\"@type\":\"Organization\",\"@id\":\"https:\/\/coettga.es\/#organization\",\"name\":\"Coettga - Colexio Oficial de Enxe\u00f1eiros T\u00e9cnicos de Telecomunicaci\u00f3ns de Galicia\",\"alternateName\":\"Ingenieros T\u00e9cnicos de Telecomunicaciones de Galicia\",\"url\":\"https:\/\/coettga.es\/\",\"logo\":{\"@type\":\"ImageObject\",\"inLanguage\":\"es\",\"@id\":\"https:\/\/coettga.es\/#\/schema\/logo\/image\/\",\"url\":\"https:\/\/coettga.es\/wp-content\/uploads\/2022\/03\/avatar-galicia.jpg\",\"contentUrl\":\"https:\/\/coettga.es\/wp-content\/uploads\/2022\/03\/avatar-galicia.jpg\",\"width\":1563,\"height\":1563,\"caption\":\"Coettga - Colexio Oficial de Enxe\u00f1eiros T\u00e9cnicos de Telecomunicaci\u00f3ns de Galicia\"},\"image\":{\"@id\":\"https:\/\/coettga.es\/#\/schema\/logo\/image\/\"},\"sameAs\":[\"https:\/\/www.facebook.com\/coettga\/\",\"https:\/\/x.com\/coettga\",\"https:\/\/www.linkedin.com\/company\/10946667\/admin\/\",\"https:\/\/www.instagram.com\/coettga\"]},{\"@type\":\"Person\",\"@id\":\"https:\/\/coettga.es\/#\/schema\/person\/130d2a657bf8d48723e21394f45ec0e1\",\"name\":\"webmaster\",\"image\":{\"@type\":\"ImageObject\",\"inLanguage\":\"es\",\"@id\":\"https:\/\/coettga.es\/#\/schema\/person\/image\/\",\"url\":\"https:\/\/coettga.es\/wp-content\/litespeed\/avatar\/ce259cb8f424726e206ee96b7b049584.jpg?ver=1776944696\",\"contentUrl\":\"https:\/\/coettga.es\/wp-content\/litespeed\/avatar\/ce259cb8f424726e206ee96b7b049584.jpg?ver=1776944696\",\"caption\":\"webmaster\"},\"sameAs\":[\"https:\/\/coettga.es\"],\"url\":\"https:\/\/coettga.es\/es\/author\/webmaster\/\"}]}<\/script>\n<!-- \/ Yoast SEO Premium plugin. -->","yoast_head_json":{"title":"BlockGalicia se consolida como evento referencia del sector en su primera edici\u00f3n - Colegio Oficial de Ingenieros T\u00e9cnicos de Telecomunicaciones de Galicia - COETTGA","robots":{"index":"index","follow":"follow","max-snippet":"max-snippet:-1","max-image-preview":"max-image-preview:large","max-video-preview":"max-video-preview:-1"},"canonical":"https:\/\/coettga.es\/blockgalicia-se-consolida-como-evento-referencia-del-sector-en-su-primera-edicion\/","og_locale":"es_ES","og_type":"article","og_title":"BlockGalicia se consolida como evento referencia del sector en su primera edici\u00f3n","og_description":"BlockGalicia se ha convertido en el evento referencia de la tecnolog\u00eda blockchain a nivel nacional y ya con trascendencia a nivel internacional. Ha conseguido combinar en un macroevento a los mejores profesionales de esta tecnolog\u00eda","og_url":"https:\/\/coettga.es\/blockgalicia-se-consolida-como-evento-referencia-del-sector-en-su-primera-edicion\/","og_site_name":"Colegio Oficial de Ingenieros T\u00e9cnicos de Telecomunicaciones de Galicia - COETTGA","article_publisher":"https:\/\/www.facebook.com\/coettga\/","article_published_time":"2023-10-03T08:30:05+00:00","article_modified_time":"2023-11-23T23:39:22+00:00","og_image":[{"width":850,"height":800,"url":"https:\/\/coettga.es\/wp-content\/uploads\/2023\/10\/ICongresoInternacionaldeBlockchaindeGalicia_DSCF2437cXaimeCortizo1-e1696323108498.jpg","type":"image\/jpeg"}],"author":"webmaster","twitter_card":"summary_large_image","twitter_creator":"@coettga","twitter_site":"@coettga","twitter_misc":{"Escrito por":"webmaster","Tiempo de lectura":"8 minutos"},"schema":{"@context":"https:\/\/schema.org","@graph":[{"@type":"Article","@id":"https:\/\/coettga.es\/blockgalicia-se-consolida-como-evento-referencia-del-sector-en-su-primera-edicion\/#article","isPartOf":{"@id":"https:\/\/coettga.es\/blockgalicia-se-consolida-como-evento-referencia-del-sector-en-su-primera-edicion\/"},"author":{"name":"webmaster","@id":"https:\/\/coettga.es\/#\/schema\/person\/130d2a657bf8d48723e21394f45ec0e1"},"headline":"BlockGalicia se consolida como evento referencia del sector en su primera edici\u00f3n","datePublished":"2023-10-03T08:30:05+00:00","dateModified":"2023-11-23T23:39:22+00:00","mainEntityOfPage":{"@id":"https:\/\/coettga.es\/blockgalicia-se-consolida-como-evento-referencia-del-sector-en-su-primera-edicion\/"},"wordCount":1704,"publisher":{"@id":"https:\/\/coettga.es\/#organization"},"image":{"@id":"https:\/\/coettga.es\/blockgalicia-se-consolida-como-evento-referencia-del-sector-en-su-primera-edicion\/#primaryimage"},"thumbnailUrl":"https:\/\/coettga.es\/wp-content\/uploads\/2023\/10\/ICongresoInternacionaldeBlockchaindeGalicia_DSCF2437cXaimeCortizo1-e1696323108498.jpg","articleSection":["Actualidad"],"inLanguage":"es"},{"@type":"WebPage","@id":"https:\/\/coettga.es\/blockgalicia-se-consolida-como-evento-referencia-del-sector-en-su-primera-edicion\/","url":"https:\/\/coettga.es\/blockgalicia-se-consolida-como-evento-referencia-del-sector-en-su-primera-edicion\/","name":"BlockGalicia se consolida como evento referencia del sector en su primera edici\u00f3n - Colegio Oficial de Ingenieros T\u00e9cnicos de Telecomunicaciones de Galicia - COETTGA","isPartOf":{"@id":"https:\/\/coettga.es\/#website"},"primaryImageOfPage":{"@id":"https:\/\/coettga.es\/blockgalicia-se-consolida-como-evento-referencia-del-sector-en-su-primera-edicion\/#primaryimage"},"image":{"@id":"https:\/\/coettga.es\/blockgalicia-se-consolida-como-evento-referencia-del-sector-en-su-primera-edicion\/#primaryimage"},"thumbnailUrl":"https:\/\/coettga.es\/wp-content\/uploads\/2023\/10\/ICongresoInternacionaldeBlockchaindeGalicia_DSCF2437cXaimeCortizo1-e1696323108498.jpg","datePublished":"2023-10-03T08:30:05+00:00","dateModified":"2023-11-23T23:39:22+00:00","breadcrumb":{"@id":"https:\/\/coettga.es\/blockgalicia-se-consolida-como-evento-referencia-del-sector-en-su-primera-edicion\/#breadcrumb"},"inLanguage":"es","potentialAction":[{"@type":"ReadAction","target":["https:\/\/coettga.es\/blockgalicia-se-consolida-como-evento-referencia-del-sector-en-su-primera-edicion\/"]}]},{"@type":"ImageObject","inLanguage":"es","@id":"https:\/\/coettga.es\/blockgalicia-se-consolida-como-evento-referencia-del-sector-en-su-primera-edicion\/#primaryimage","url":"https:\/\/coettga.es\/wp-content\/uploads\/2023\/10\/ICongresoInternacionaldeBlockchaindeGalicia_DSCF2437cXaimeCortizo1-e1696323108498.jpg","contentUrl":"https:\/\/coettga.es\/wp-content\/uploads\/2023\/10\/ICongresoInternacionaldeBlockchaindeGalicia_DSCF2437cXaimeCortizo1-e1696323108498.jpg","width":850,"height":800,"caption":"blockgalicia dextools Telecomunicaciones Galicia ForoTelecos 2023 forotelecos galicia coitt coettga jose manuel martinez decano teleco"},{"@type":"BreadcrumbList","@id":"https:\/\/coettga.es\/blockgalicia-se-consolida-como-evento-referencia-del-sector-en-su-primera-edicion\/#breadcrumb","itemListElement":[{"@type":"ListItem","position":1,"name":"COETTGA","item":"https:\/\/coettga.es\/"},{"@type":"ListItem","position":2,"name":"BlockGalicia se consolida como evento referencia del sector en su primera edici\u00f3n"}]},{"@type":"WebSite","@id":"https:\/\/coettga.es\/#website","url":"https:\/\/coettga.es\/","name":"Coettga Colexio Oficial de Enxe\u00f1eiros T\u00e9cnicos de Telecomunicaci\u00f3ns de Galicia","description":"Ingenieros T\u00e9cnicos de Telecomunicaciones de Galicia - COETTGA","publisher":{"@id":"https:\/\/coettga.es\/#organization"},"alternateName":"Colegio Oficial de Ingenieros T\u00e9cnicos de Telecomunicaciones de Galicia Coettga","potentialAction":[{"@type":"SearchAction","target":{"@type":"EntryPoint","urlTemplate":"https:\/\/coettga.es\/?s={search_term_string}"},"query-input":{"@type":"PropertyValueSpecification","valueRequired":true,"valueName":"search_term_string"}}],"inLanguage":"es"},{"@type":"Organization","@id":"https:\/\/coettga.es\/#organization","name":"Coettga - Colexio Oficial de Enxe\u00f1eiros T\u00e9cnicos de Telecomunicaci\u00f3ns de Galicia","alternateName":"Ingenieros T\u00e9cnicos de Telecomunicaciones de Galicia","url":"https:\/\/coettga.es\/","logo":{"@type":"ImageObject","inLanguage":"es","@id":"https:\/\/coettga.es\/#\/schema\/logo\/image\/","url":"https:\/\/coettga.es\/wp-content\/uploads\/2022\/03\/avatar-galicia.jpg","contentUrl":"https:\/\/coettga.es\/wp-content\/uploads\/2022\/03\/avatar-galicia.jpg","width":1563,"height":1563,"caption":"Coettga - Colexio Oficial de Enxe\u00f1eiros T\u00e9cnicos de Telecomunicaci\u00f3ns de Galicia"},"image":{"@id":"https:\/\/coettga.es\/#\/schema\/logo\/image\/"},"sameAs":["https:\/\/www.facebook.com\/coettga\/","https:\/\/x.com\/coettga","https:\/\/www.linkedin.com\/company\/10946667\/admin\/","https:\/\/www.instagram.com\/coettga"]},{"@type":"Person","@id":"https:\/\/coettga.es\/#\/schema\/person\/130d2a657bf8d48723e21394f45ec0e1","name":"webmaster","image":{"@type":"ImageObject","inLanguage":"es","@id":"https:\/\/coettga.es\/#\/schema\/person\/image\/","url":"https:\/\/coettga.es\/wp-content\/litespeed\/avatar\/ce259cb8f424726e206ee96b7b049584.jpg?ver=1776944696","contentUrl":"https:\/\/coettga.es\/wp-content\/litespeed\/avatar\/ce259cb8f424726e206ee96b7b049584.jpg?ver=1776944696","caption":"webmaster"},"sameAs":["https:\/\/coettga.es"],"url":"https:\/\/coettga.es\/es\/author\/webmaster\/"}]}},"_links":{"self":[{"href":"https:\/\/coettga.es\/es\/wp-json\/wp\/v2\/posts\/5721","targetHints":{"allow":["GET"]}}],"collection":[{"href":"https:\/\/coettga.es\/es\/wp-json\/wp\/v2\/posts"}],"about":[{"href":"https:\/\/coettga.es\/es\/wp-json\/wp\/v2\/types\/post"}],"author":[{"embeddable":true,"href":"https:\/\/coettga.es\/es\/wp-json\/wp\/v2\/users\/1"}],"replies":[{"embeddable":true,"href":"https:\/\/coettga.es\/es\/wp-json\/wp\/v2\/comments?post=5721"}],"version-history":[{"count":1,"href":"https:\/\/coettga.es\/es\/wp-json\/wp\/v2\/posts\/5721\/revisions"}],"predecessor-version":[{"id":5722,"href":"https:\/\/coettga.es\/es\/wp-json\/wp\/v2\/posts\/5721\/revisions\/5722"}],"wp:featuredmedia":[{"embeddable":true,"href":"https:\/\/coettga.es\/es\/wp-json\/wp\/v2\/media\/5569"}],"wp:attachment":[{"href":"https:\/\/coettga.es\/es\/wp-json\/wp\/v2\/media?parent=5721"}],"wp:term":[{"taxonomy":"category","embeddable":true,"href":"https:\/\/coettga.es\/es\/wp-json\/wp\/v2\/categories?post=5721"},{"taxonomy":"post_tag","embeddable":true,"href":"https:\/\/coettga.es\/es\/wp-json\/wp\/v2\/tags?post=5721"}],"curies":[{"name":"wp","href":"https:\/\/api.w.org\/{rel}","templated":true}]}}